{"id":963,"date":"2025-08-06T15:26:00","date_gmt":"2025-08-06T13:26:00","guid":{"rendered":"https:\/\/nwcluster.wpenginepowered.com\/?p=963"},"modified":"2025-08-13T14:38:25","modified_gmt":"2025-08-13T12:38:25","slug":"the-first-reuse-center-for-building-materials-in-inland-norway-5","status":"publish","type":"post","link":"https:\/\/nwcluster.no\/en\/the-first-reuse-center-for-building-materials-in-inland-norway-5\/","title":{"rendered":"Annual meeting of Norwegian Wood Cluster"},"content":{"rendered":"<div class=\"wpb-content-wrapper\"><p>[vc_row row_height_percent=&#8221;0&#8243; overlay_alpha=&#8221;50&#8243; gutter_size=&#8221;3&#8243; column_width_use_pixel=&#8221;yes&#8221; shift_y=&#8221;0&#8243; z_index=&#8221;0&#8243; content_parallax=&#8221;0&#8243; uncode_shortcode_id=&#8221;166316&#8243; column_width_pixel=&#8221;900&#8243;][vc_column width=&#8221;1\/1&#8243;][vc_column_text text_color=&#8221;color-prif&#8221; uncode_shortcode_id=&#8221;443643&#8243; text_color_type=&#8221;uncode-palette&#8221;]<\/p>\n<p class=\"\">The cluster held its annual meeting at Frich Hotel outside Hamar on May 6, 2025. After the formal business and elections, it was time for the owners&#8217; meeting with very exciting speakers.  <\/p>\n<p class=\"\">At the annual meeting, the chairman of the board, Jan Tore Meren, reported on the work of the cluster.<\/p>\n<p class=\"\">&#8211; We believe the cluster is developing well. Despite a tough market for the member companies, their involvement in the cluster is still very satisfactory. Together we are working well to achieve the cluster&#8217;s vision of providing the world with innovative, sustainable building solutions in wood. The plan now is to apply for admission to Innovation Norway&#8217;s cluster program for 2026-2028,&#8221; said Jan Tore Meren.    <\/p>\n<p class=\"\">&#8211; &#8220;While Norwegian Wood Cluster started in the Inland region, the cluster is now a national cluster with its main focus in the Inland region. The nomination committee has therefore emphasized reflecting this, said Tor Henrik Kristiansen when he presented the nomination committee&#8217;s unanimous recommendation to the annual meeting. <\/p>\n<h4><strong>After the annual meeting, the board of Norwegian Wood Cluster consists of:<\/strong><\/h4>\n<p class=\"\">Chairman of the Board Jan Tore Meren<\/p>\n<p class=\"\">Deputy Chairman Magne Vik\u00f8ren, Moelven Industrier ASA<br \/>\n(deputy: Vera Flateb\u00f8, Moelven Industrier ASA)<\/p>\n<p class=\"\">Board member Tarje Braaten, Dynea AS<br \/>\n(deputy: Hans Olav Wedvik, Sparebank 1 \u00d8stlandet)<\/p>\n<p class=\"\">Kristian Hanssen, Forestia AS<br \/>\n(deputy: Jan Helge Nordby, Statskog SF)<\/p>\n<p class=\"\">Glenn Andre Jensen, Bergene Holm AS<br \/>\n(deputy: Marthe Lie, ARE Treindustrier AS)<\/p>\n<p class=\"\">Board member Berit Nordseth Moen, Alvdal Skurlag AS<br \/>\n(deputy: J\u00f8rn N\u00f8rstelien, Gausdal Treindustrier SA)<\/p>\n<p class=\"\">\u00d8yvind Moshagen, Norconsult Region Innlandet<br \/>\n(deputy: J\u00f8rn Reiner, Kontur Arkitekter AS)<\/p>\n<p class=\"\">Erik Tr\u00f8mborg, NMBU<br \/>\n(deputy: Vibeke Tronrud Teslo-Andersen, Viken Skog SA)<\/p>\n<h4><strong>New election committee:<\/strong><\/h4>\n<p class=\"\">Chairman Mads Severin Lo, DNB Bank ASA<br \/>\n(deputy: Lars Storslett, Moelven Industrier ASA)<\/p>\n<p class=\"\">Deputy Chairman Ylva Kleiven, Gausdal Treindustrier SA<br \/>\n(pers. dep.: Eva Skagestad, Skogkurs)<\/p>\n<p class=\"\">Member Anita Ihle, Glommen Mj\u00f8sen Skog SA<br \/>\n(deputy: Per Morten Wangen, Stangeskovene AS)<\/p>\n<p>[\/vc_column_text][\/vc_column][\/vc_row][vc_row row_height_percent=&#8221;0&#8243; overlay_alpha=&#8221;50&#8243; gutter_size=&#8221;3&#8243; column_width_use_pixel=&#8221;yes&#8221; shift_y=&#8221;0&#8243; z_index=&#8221;0&#8243; content_parallax=&#8221;0&#8243; uncode_shortcode_id=&#8221;166316&#8243; column_width_pixel=&#8221;900&#8243;][vc_column width=&#8221;1\/2&#8243;][vc_single_image media=&#8221;1035&#8243; caption=&#8221;yes&#8221; media_width_percent=&#8221;100&#8243; uncode_shortcode_id=&#8221;158404&#8243;][\/vc_column][vc_column width=&#8221;1\/2&#8243;][vc_single_image media=&#8221;1038&#8243; caption=&#8221;yes&#8221; media_width_percent=&#8221;100&#8243; uncode_shortcode_id=&#8221;771448&#8243;][\/vc_column][\/vc_row]<\/p>\n<\/div>","protected":false},"excerpt":{"rendered":"<p>Jan Tore Meren will continue as chairman after the annual meeting of Norwegian Wood Cluster. Communications Director Magne Vik\u00f8ren, Moelven Industrier ASA, will be the new deputy chairman, while Factory Director Glenn Andre Jensen, Bergene Holm AS, and CEO Kristian Hanssen, Forestia, will be new board members. Kristian Hanssen, Forestia, become new board members in the cluster.  <\/p>\n","protected":false},"author":4,"featured_media":1033,"comment_status":"open","ping_status":"open","sticky":false,"template":"","format":"standard","meta":{"_acf_changed":false,"footnotes":""},"categories":[22],"tags":[],"class_list":["post-963","post","type-post","status-publish","format-standard","has-post-thumbnail","hentry","category-whats-new"],"acf":[],"yoast_head":"<!-- This site is optimized with the Yoast SEO plugin v26.3 - https:\/\/yoast.com\/wordpress\/plugins\/seo\/ -->\n<title>Annual meeting of Norwegian Wood Cluster - Norwegian Wood Cluster<\/title>\n<meta name=\"robots\" content=\"index, follow, max-snippet:-1, max-image-preview:large, max-video-preview:-1\" \/>\n<link rel=\"canonical\" href=\"https:\/\/nwcluster.no\/en\/the-first-reuse-center-for-building-materials-in-inland-norway-5\/\" \/>\n<meta property=\"og:locale\" content=\"en_US\" \/>\n<meta property=\"og:type\" content=\"article\" \/>\n<meta property=\"og:title\" content=\"Annual meeting of Norwegian Wood Cluster - Norwegian Wood Cluster\" \/>\n<meta property=\"og:description\" content=\"Jan Tore Meren will continue as chairman after the annual meeting of Norwegian Wood Cluster. Communications Director Magne Vik\u00f8ren, Moelven Industrier ASA, will be the new deputy chairman, while Factory Director Glenn Andre Jensen, Bergene Holm AS, and CEO Kristian Hanssen, Forestia, will be new board members. Kristian Hanssen, Forestia, become new board members in the cluster.\" \/>\n<meta property=\"og:url\" content=\"https:\/\/nwcluster.no\/en\/the-first-reuse-center-for-building-materials-in-inland-norway-5\/\" \/>\n<meta property=\"og:site_name\" content=\"Norwegian Wood Cluster\" \/>\n<meta property=\"article:published_time\" content=\"2025-08-06T13:26:00+00:00\" \/>\n<meta property=\"article:modified_time\" content=\"2025-08-13T12:38:25+00:00\" \/>\n<meta property=\"og:image\" content=\"https:\/\/nwcluster.no\/wp-content\/uploads\/2025\/08\/styret-foto-MBN-scaled.jpg\" \/>\n\t<meta property=\"og:image:width\" content=\"2560\" \/>\n\t<meta property=\"og:image:height\" content=\"1920\" \/>\n\t<meta property=\"og:image:type\" content=\"image\/jpeg\" \/>\n<meta name=\"author\" content=\"Mari Blokhus Nordtun\" \/>\n<meta name=\"twitter:card\" content=\"summary_large_image\" \/>\n<meta name=\"twitter:label1\" content=\"Written by\" \/>\n\t<meta name=\"twitter:data1\" content=\"Mari Blokhus Nordtun\" \/>\n\t<meta name=\"twitter:label2\" content=\"Est. reading time\" \/>\n\t<meta name=\"twitter:data2\" content=\"2 minutes\" \/>\n<script type=\"application\/ld+json\" class=\"yoast-schema-graph\">{\"@context\":\"https:\/\/schema.org\",\"@graph\":[{\"@type\":\"WebPage\",\"@id\":\"https:\/\/nwcluster.no\/en\/the-first-reuse-center-for-building-materials-in-inland-norway-5\/\",\"url\":\"https:\/\/nwcluster.no\/en\/the-first-reuse-center-for-building-materials-in-inland-norway-5\/\",\"name\":\"Annual meeting of Norwegian Wood Cluster - Norwegian Wood Cluster\",\"isPartOf\":{\"@id\":\"https:\/\/nwcluster.no\/en\/#website\"},\"primaryImageOfPage\":{\"@id\":\"https:\/\/nwcluster.no\/en\/the-first-reuse-center-for-building-materials-in-inland-norway-5\/#primaryimage\"},\"image\":{\"@id\":\"https:\/\/nwcluster.no\/en\/the-first-reuse-center-for-building-materials-in-inland-norway-5\/#primaryimage\"},\"thumbnailUrl\":\"https:\/\/nwcluster.no\/wp-content\/uploads\/2025\/08\/styret-foto-MBN-scaled.jpg\",\"datePublished\":\"2025-08-06T13:26:00+00:00\",\"dateModified\":\"2025-08-13T12:38:25+00:00\",\"author\":{\"@id\":\"https:\/\/nwcluster.no\/en\/#\/schema\/person\/5cface82763c66df62d78fc06578870e\"},\"breadcrumb\":{\"@id\":\"https:\/\/nwcluster.no\/en\/the-first-reuse-center-for-building-materials-in-inland-norway-5\/#breadcrumb\"},\"inLanguage\":\"en-US\",\"potentialAction\":[{\"@type\":\"ReadAction\",\"target\":[\"https:\/\/nwcluster.no\/en\/the-first-reuse-center-for-building-materials-in-inland-norway-5\/\"]}]},{\"@type\":\"ImageObject\",\"inLanguage\":\"en-US\",\"@id\":\"https:\/\/nwcluster.no\/en\/the-first-reuse-center-for-building-materials-in-inland-norway-5\/#primaryimage\",\"url\":\"https:\/\/nwcluster.no\/wp-content\/uploads\/2025\/08\/styret-foto-MBN-scaled.jpg\",\"contentUrl\":\"https:\/\/nwcluster.no\/wp-content\/uploads\/2025\/08\/styret-foto-MBN-scaled.jpg\",\"width\":2560,\"height\":1920,\"caption\":\"Nytt styre etter \u00e5rsm\u00f8tet, fra venstre styremedlem Berit Nordseth Moen, styreleder Jan Tore Meren, nestleder Magne Vik\u00f8ren, og styremedlemmene Kristian Hanssen, Glenn Andre Jensen og Erik Tr\u00f8mborg. Styremedlemmene Tarje Braaten og \u00d8yvind Moshagen var ikke til stede da bildet ble tatt. Foto: Mari Blokhus Nordtun\"},{\"@type\":\"BreadcrumbList\",\"@id\":\"https:\/\/nwcluster.no\/en\/the-first-reuse-center-for-building-materials-in-inland-norway-5\/#breadcrumb\",\"itemListElement\":[{\"@type\":\"ListItem\",\"position\":1,\"name\":\"Home\",\"item\":\"https:\/\/nwcluster.no\/en\/\"},{\"@type\":\"ListItem\",\"position\":2,\"name\":\"Annual meeting of Norwegian Wood Cluster\"}]},{\"@type\":\"WebSite\",\"@id\":\"https:\/\/nwcluster.no\/en\/#website\",\"url\":\"https:\/\/nwcluster.no\/en\/\",\"name\":\"Norwegian Wood Cluster\",\"description\":\"Vi gir verden innovative ogb\u00e6rekraftige byggel\u00f8sninger i tre\",\"potentialAction\":[{\"@type\":\"SearchAction\",\"target\":{\"@type\":\"EntryPoint\",\"urlTemplate\":\"https:\/\/nwcluster.no\/en\/?s={search_term_string}\"},\"query-input\":{\"@type\":\"PropertyValueSpecification\",\"valueRequired\":true,\"valueName\":\"search_term_string\"}}],\"inLanguage\":\"en-US\"},{\"@type\":\"Person\",\"@id\":\"https:\/\/nwcluster.no\/en\/#\/schema\/person\/5cface82763c66df62d78fc06578870e\",\"name\":\"Mari Blokhus Nordtun\",\"url\":\"https:\/\/nwcluster.no\/en\/author\/adminmari\/\"}]}<\/script>\n<!-- \/ Yoast SEO plugin. -->","yoast_head_json":{"title":"Annual meeting of Norwegian Wood Cluster - Norwegian Wood Cluster","robots":{"index":"index","follow":"follow","max-snippet":"max-snippet:-1","max-image-preview":"max-image-preview:large","max-video-preview":"max-video-preview:-1"},"canonical":"https:\/\/nwcluster.no\/en\/the-first-reuse-center-for-building-materials-in-inland-norway-5\/","og_locale":"en_US","og_type":"article","og_title":"Annual meeting of Norwegian Wood Cluster - Norwegian Wood Cluster","og_description":"Jan Tore Meren will continue as chairman after the annual meeting of Norwegian Wood Cluster. Communications Director Magne Vik\u00f8ren, Moelven Industrier ASA, will be the new deputy chairman, while Factory Director Glenn Andre Jensen, Bergene Holm AS, and CEO Kristian Hanssen, Forestia, will be new board members. Kristian Hanssen, Forestia, become new board members in the cluster.","og_url":"https:\/\/nwcluster.no\/en\/the-first-reuse-center-for-building-materials-in-inland-norway-5\/","og_site_name":"Norwegian Wood Cluster","article_published_time":"2025-08-06T13:26:00+00:00","article_modified_time":"2025-08-13T12:38:25+00:00","og_image":[{"width":2560,"height":1920,"url":"https:\/\/nwcluster.no\/wp-content\/uploads\/2025\/08\/styret-foto-MBN-scaled.jpg","type":"image\/jpeg"}],"author":"Mari Blokhus Nordtun","twitter_card":"summary_large_image","twitter_misc":{"Written by":"Mari Blokhus Nordtun","Est. reading time":"2 minutes"},"schema":{"@context":"https:\/\/schema.org","@graph":[{"@type":"WebPage","@id":"https:\/\/nwcluster.no\/en\/the-first-reuse-center-for-building-materials-in-inland-norway-5\/","url":"https:\/\/nwcluster.no\/en\/the-first-reuse-center-for-building-materials-in-inland-norway-5\/","name":"Annual meeting of Norwegian Wood Cluster - Norwegian Wood Cluster","isPartOf":{"@id":"https:\/\/nwcluster.no\/en\/#website"},"primaryImageOfPage":{"@id":"https:\/\/nwcluster.no\/en\/the-first-reuse-center-for-building-materials-in-inland-norway-5\/#primaryimage"},"image":{"@id":"https:\/\/nwcluster.no\/en\/the-first-reuse-center-for-building-materials-in-inland-norway-5\/#primaryimage"},"thumbnailUrl":"https:\/\/nwcluster.no\/wp-content\/uploads\/2025\/08\/styret-foto-MBN-scaled.jpg","datePublished":"2025-08-06T13:26:00+00:00","dateModified":"2025-08-13T12:38:25+00:00","author":{"@id":"https:\/\/nwcluster.no\/en\/#\/schema\/person\/5cface82763c66df62d78fc06578870e"},"breadcrumb":{"@id":"https:\/\/nwcluster.no\/en\/the-first-reuse-center-for-building-materials-in-inland-norway-5\/#breadcrumb"},"inLanguage":"en-US","potentialAction":[{"@type":"ReadAction","target":["https:\/\/nwcluster.no\/en\/the-first-reuse-center-for-building-materials-in-inland-norway-5\/"]}]},{"@type":"ImageObject","inLanguage":"en-US","@id":"https:\/\/nwcluster.no\/en\/the-first-reuse-center-for-building-materials-in-inland-norway-5\/#primaryimage","url":"https:\/\/nwcluster.no\/wp-content\/uploads\/2025\/08\/styret-foto-MBN-scaled.jpg","contentUrl":"https:\/\/nwcluster.no\/wp-content\/uploads\/2025\/08\/styret-foto-MBN-scaled.jpg","width":2560,"height":1920,"caption":"Nytt styre etter \u00e5rsm\u00f8tet, fra venstre styremedlem Berit Nordseth Moen, styreleder Jan Tore Meren, nestleder Magne Vik\u00f8ren, og styremedlemmene Kristian Hanssen, Glenn Andre Jensen og Erik Tr\u00f8mborg. Styremedlemmene Tarje Braaten og \u00d8yvind Moshagen var ikke til stede da bildet ble tatt. Foto: Mari Blokhus Nordtun"},{"@type":"BreadcrumbList","@id":"https:\/\/nwcluster.no\/en\/the-first-reuse-center-for-building-materials-in-inland-norway-5\/#breadcrumb","itemListElement":[{"@type":"ListItem","position":1,"name":"Home","item":"https:\/\/nwcluster.no\/en\/"},{"@type":"ListItem","position":2,"name":"Annual meeting of Norwegian Wood Cluster"}]},{"@type":"WebSite","@id":"https:\/\/nwcluster.no\/en\/#website","url":"https:\/\/nwcluster.no\/en\/","name":"Norwegian Wood Cluster","description":"Vi gir verden innovative ogb\u00e6rekraftige byggel\u00f8sninger i tre","potentialAction":[{"@type":"SearchAction","target":{"@type":"EntryPoint","urlTemplate":"https:\/\/nwcluster.no\/en\/?s={search_term_string}"},"query-input":{"@type":"PropertyValueSpecification","valueRequired":true,"valueName":"search_term_string"}}],"inLanguage":"en-US"},{"@type":"Person","@id":"https:\/\/nwcluster.no\/en\/#\/schema\/person\/5cface82763c66df62d78fc06578870e","name":"Mari Blokhus Nordtun","url":"https:\/\/nwcluster.no\/en\/author\/adminmari\/"}]}},"_links":{"self":[{"href":"https:\/\/nwcluster.no\/en\/wp-json\/wp\/v2\/posts\/963","targetHints":{"allow":["GET"]}}],"collection":[{"href":"https:\/\/nwcluster.no\/en\/wp-json\/wp\/v2\/posts"}],"about":[{"href":"https:\/\/nwcluster.no\/en\/wp-json\/wp\/v2\/types\/post"}],"author":[{"embeddable":true,"href":"https:\/\/nwcluster.no\/en\/wp-json\/wp\/v2\/users\/4"}],"replies":[{"embeddable":true,"href":"https:\/\/nwcluster.no\/en\/wp-json\/wp\/v2\/comments?post=963"}],"version-history":[{"count":0,"href":"https:\/\/nwcluster.no\/en\/wp-json\/wp\/v2\/posts\/963\/revisions"}],"wp:featuredmedia":[{"embeddable":true,"href":"https:\/\/nwcluster.no\/en\/wp-json\/wp\/v2\/media\/1033"}],"wp:attachment":[{"href":"https:\/\/nwcluster.no\/en\/wp-json\/wp\/v2\/media?parent=963"}],"wp:term":[{"taxonomy":"category","embeddable":true,"href":"https:\/\/nwcluster.no\/en\/wp-json\/wp\/v2\/categories?post=963"},{"taxonomy":"post_tag","embeddable":true,"href":"https:\/\/nwcluster.no\/en\/wp-json\/wp\/v2\/tags?post=963"}],"curies":[{"name":"wp","href":"https:\/\/api.w.org\/{rel}","templated":true}]}}