{"id":1030,"date":"2025-04-15T10:23:28","date_gmt":"2025-04-15T08:23:28","guid":{"rendered":"https:\/\/nwcluster.wpenginepowered.com\/?p=1030"},"modified":"2025-08-13T14:44:04","modified_gmt":"2025-08-13T12:44:04","slug":"erstes-wiederverwendungszentrum-fur-baumaterialien-in-binnennorwegen-6","status":"publish","type":"post","link":"https:\/\/nwcluster.no\/de\/erstes-wiederverwendungszentrum-fur-baumaterialien-in-binnennorwegen-6\/","title":{"rendered":"Lokales Engagement f\u00fcr die Wiederverwendung in der Bauindustrie"},"content":{"rendered":"<div class=\"wpb-content-wrapper\"><p>[vc_row row_height_percent=&#8220;0&#8243; overlay_alpha=&#8220;50&#8243; gutter_size=&#8220;3&#8243; column_width_use_pixel=&#8220;yes&#8220; shift_y=&#8220;0&#8243; z_index=&#8220;0&#8243; content_parallax=&#8220;0&#8243; uncode_shortcode_id=&#8220;166316&#8243; column_width_pixel=&#8220;900&#8243;][vc_column width=&#8220;1\/1&#8243;][vc_column_text text_color=&#8220;color-prif&#8220; uncode_shortcode_id=&#8220;648058&#8243; text_color_type=&#8220;uncode-palette&#8220;]<\/p>\n<p class=\"\">&#8222;Wenn wir die heutigen Baupraktiken \u00e4ndern wollen, m\u00fcssen wir uns auf allen Ebenen der Branche treffen und Wissen und Erfahrungen austauschen. Deshalb war es erfreulich, dass unter den 60 Teilnehmern auch Bauherren, Baustoffhersteller, Architekten, Bauunternehmer und Recycler waren. <\/p>\n<h4><strong>Ampelmethode f\u00fcr die Wiederverwendung bei Renovierungsprojekten<\/strong><\/h4>\n<p class=\"\">Als Betonmast Tr\u00f8ndelag mit der Renovierung und dem Neubau der Domschule Trondheim im Jahr 2022 beauftragt wurde, gab es den klaren Wunsch des Auftraggebers, der Provinzverwaltung Tr\u00f8ndelag, bestehende Geb\u00e4ude als Quelle f\u00fcr wiederverwendete Materialien zu betrachten. Sondre Synnev\u00e5g von Betonmast stellte das Projekt vor, das eine gemeinsame Entwicklungsphase und eine Untersuchung der Wiederverwendung umfasste, um festzustellen, welche Materialien f\u00fcr die Wiederverwendung in Frage kommen und wie leicht sie demontiert werden k\u00f6nnen. <\/p>\n<p class=\"\">Alle Materialien, die als &#8222;f\u00fcr die Wiederverwendung geeignet&#8220; definiert wurden, wurden in eine Entscheidungsmatrix eingeordnet, um festzustellen, ob sich die Wiederverwendung lohnen w\u00fcrde. Es wurde ein &#8222;Ampelmodell&#8220; erstellt, bei dem Gr\u00fcn = niedrige Schwelle f\u00fcr die Wiederverwendung, Gelb = unsicher in Bezug auf das Demontage- oder Wiederverwendungspotenzial, Rot = nicht f\u00fcr unser Projekt geeignet. Was auch immer in die Kategorie Rot fiel, es war Sache des Entwicklers zu entscheiden, ob es abgerissen\/weggeworfen oder anderweitig verkauft werden sollte &#8211; und wenn ja, wurde der Erl\u00f6s in das Projekt gesteckt.  <\/p>\n<p class=\"\">Die Sanierung der Domschule von Trondheim hat gezeigt, dass es m\u00f6glich ist, die Wiederverwendung von Materialien zu einem profitablen Teil eines Bauprojekts zu machen. Die Empfehlung des Bauunternehmers lautet, sich nicht davor zu scheuen, das Thema anzugehen, sondern daf\u00fcr zu sorgen, dass Sie alle Entscheidungen vorbereitet haben, bevor Sie mit dem Abriss und dem Bau beginnen. Heather Mason vom Grafschaftsrat f\u00fcgte hinzu, dass f\u00fcr das Projekt F\u00f6rdermittel von Enova und Klimasats beantragt wurden. Es handelt sich zwar nicht um gro\u00dfe Summen, aber doch um genug Spielraum, um neue Dinge auszuprobieren und gleichzeitig den Bauunternehmer vom Risiko zu entlasten.  <\/p>\n<p class=\"\"><em>M\u00f6chten Sie mehr \u00fcber die Ampelmethode und das Projekt der Domschule Trondheim erfahren?  <\/em><\/p>\n<ul data-rte-list=\"default\">\n<li>\n<p class=\"\"><a href=\"https:\/\/www.youtube.com\/watch?v=t3DO-_gYN5g\" target=\"_blank\" rel=\"noopener\"><em>Aufzeichnung ansehen von<\/em><\/a><em> des Webinars &#8222;Vertragsformulare zur Wiederverwendung&#8220; (Circular Resource Centre 27.11.2023)<\/em><\/p>\n<\/li>\n<li>\n<p class=\"\"><a href=\"https:\/\/www.betonmast.no\/prosjekter\/trondheim-katedralskole\/\" target=\"_blank\" rel=\"noopener\"><em>Lesen Sie mehr \u00fcber das<\/em><\/a><em> \u00fcber das Bauprojekt am Betonmast Tr\u00f8nelag<\/em><\/p>\n<\/li>\n<\/ul>\n<p>[\/vc_column_text][\/vc_column][\/vc_row][vc_row row_height_percent=&#8220;0&#8243; overlay_alpha=&#8220;50&#8243; gutter_size=&#8220;3&#8243; column_width_use_pixel=&#8220;yes&#8220; shift_y=&#8220;0&#8243; z_index=&#8220;0&#8243; content_parallax=&#8220;0&#8243; uncode_shortcode_id=&#8220;166316&#8243; column_width_pixel=&#8220;900&#8243;][vc_column width=&#8220;1\/1&#8243;][vc_single_image media=&#8220;1083&#8243; caption=&#8220;yes&#8220; media_width_percent=&#8220;100&#8243; uncode_shortcode_id=&#8220;274163&#8243;][\/vc_column][\/vc_row][vc_row row_height_percent=&#8220;0&#8243; overlay_alpha=&#8220;50&#8243; gutter_size=&#8220;3&#8243; column_width_use_pixel=&#8220;yes&#8220; shift_y=&#8220;0&#8243; z_index=&#8220;0&#8243; content_parallax=&#8220;0&#8243; uncode_shortcode_id=&#8220;166316&#8243; column_width_pixel=&#8220;900&#8243;][vc_column width=&#8220;1\/1&#8243;][vc_column_text uncode_shortcode_id=&#8220;480035&#8243;]<\/p>\n<h4><strong>Wiederverwendung von Innenr\u00e4umen und Ziegeln<\/strong><\/h4>\n<p class=\"\">Heutzutage ist die Inneneinrichtung f\u00fcr einen gro\u00dfen Teil der Treibhausgasemissionen w\u00e4hrend der Lebensdauer eines Geb\u00e4udes verantwortlich, da die Inneneinrichtung in der Regel jedes Mal ausgetauscht wird, wenn das Geb\u00e4ude neue Nutzer oder Mieter hat. Aber muss das so sein? <\/p>\n<p class=\"\">Kirsti Svennung ist Leiterin von No.17 &#8211; einem Nachhaltigkeitsnetzwerk f\u00fcr Innenarchitekten, und sie sprach dar\u00fcber, wie wir Norweger unter der &#8222;Renovierungskrankheit&#8220; leiden. &#8222;140.000 Tonnen B\u00fcrom\u00f6bel werden jedes Jahr weggeworfen. Und da sind die W\u00e4nde und B\u00f6den noch gar nicht mitgez\u00e4hlt. Was verlieren wir, wenn wir der &#8222;Renovierungskrankheit&#8220; freien Lauf lassen? &#8222;Wir wissen, dass 80 Prozent des Fu\u00dfabdrucks in der Entwurfsphase entsteht. Svennung betonte, dass die \u00c4sthetik eine neue Sprache erfordert. Wir m\u00fcssen andere Fragen stellen, unter anderem, wie wir die Haltbarkeit betrachten. Sollten wir akzeptieren, dass ein &#8222;guter Stuhl&#8220; 7-10 Jahre h\u00e4lt, ist das gut genug?      <\/p>\n<p class=\"\">Die Langlebigkeit der Produkte ist auch f\u00fcr H\u00f8ine wichtig, das sich auf die Wiederverwendung von Ziegeln spezialisiert hat. Jedes Jahr werden in Norwegen etwa 50.000 Tonnen Ziegel weggeworfen, w\u00e4hrend gleichzeitig 40.000 Tonnen neue Ziegel gebaut werden. Die Herstellung von neuen Ziegeln erfordert gro\u00dfe Mengen an Energie; die Ziegel werden drei Tage lang bei 110 Grad gebrannt. Ziegel sind robust und langlebig, warum sollten Sie sie also nicht mehrmals verwenden?   <\/p>\n<p class=\"\">Oskar Bringager, Marketing Manager bei H\u00f8ine, erkl\u00e4rte, wie das Unternehmen seit seiner Gr\u00fcndung im Jahr 2019 an einer Reihe von Herausforderungen gearbeitet hat, von der CE-Kennzeichnung \u00fcber Reinigungsmethoden bis hin zur Logistik. Sie arbeiten jetzt auch an der Einf\u00fchrung von Kalk als M\u00f6rtel in neuen Ziegelgeb\u00e4uden, um den R\u00fcckbau des Ziegels an der n\u00e4chsten Kreuzung zu erleichtern. <\/p>\n<p class=\"\"><em>Mehr \u00fcber H\u00f8ines Arbeit und Bauprojekte k\u00f6nnen Sie <\/em><a href=\"https:\/\/www.hoine.no\/\" target=\"_blank\" rel=\"noopener\"><em>HIER<\/em><\/a><em>.<\/em><\/p>\n<p>[\/vc_column_text][\/vc_column][\/vc_row][vc_row row_height_percent=&#8220;0&#8243; overlay_alpha=&#8220;50&#8243; gutter_size=&#8220;3&#8243; column_width_use_pixel=&#8220;yes&#8220; shift_y=&#8220;0&#8243; z_index=&#8220;0&#8243; content_parallax=&#8220;0&#8243; uncode_shortcode_id=&#8220;166316&#8243; column_width_pixel=&#8220;900&#8243;][vc_column width=&#8220;1\/2&#8243;][vc_single_image media=&#8220;1089&#8243; caption=&#8220;yes&#8220; media_width_percent=&#8220;100&#8243; media_ratio=&#8220;four-three&#8220; uncode_shortcode_id=&#8220;603052&#8243;][\/vc_column][vc_column width=&#8220;1\/2&#8243;][vc_single_image media=&#8220;1086&#8243; caption=&#8220;yes&#8220; media_width_percent=&#8220;100&#8243; media_ratio=&#8220;four-three&#8220; uncode_shortcode_id=&#8220;474757&#8243;][\/vc_column][\/vc_row][vc_row row_height_percent=&#8220;0&#8243; overlay_alpha=&#8220;50&#8243; gutter_size=&#8220;3&#8243; column_width_use_pixel=&#8220;yes&#8220; shift_y=&#8220;0&#8243; z_index=&#8220;0&#8243; content_parallax=&#8220;0&#8243; uncode_shortcode_id=&#8220;166316&#8243; column_width_pixel=&#8220;900&#8243;][vc_column width=&#8220;1\/1&#8243;][vc_column_text uncode_shortcode_id=&#8220;146988&#8243;]<\/p>\n<h4><strong>Logistik und Markt f\u00fcr wiederverwendete Materialien<\/strong><\/h4>\n<p class=\"\">Heute ist Norwegen mit einer bescheidenen Wiederverwendung von 2,5 % der Ressourcen eines der am wenigsten kreislauff\u00e4higen L\u00e4nder Europas. In der EU und der Regierung lautet das Ziel f\u00fcr die Bauindustrie, dass 70 Prozent der Abf\u00e4lle recycelbar sein sollen, was bedeutet, dass st\u00e4ndig neue Regeln und Einschr\u00e4nkungen eingef\u00fchrt werden. <\/p>\n<p class=\"\">Die Recyclingunternehmen Sirkula und \u00d8stlandet Gjenvinning (\u00d8G) m\u00f6chten, dass die Baumaterialien, die sie derzeit als Abfall erhalten, in viel gr\u00f6\u00dferem Umfang wiederverwendet werden. Sie haben daher ein Pilotprojekt f\u00fcr ein Wiederverwendungszentrum in Binnennorwegen entwickelt und arbeiten nun an den Eigentumsverh\u00e4ltnissen und der Finanzierung. <\/p>\n<p class=\"\">Der Plan sieht vor, mit einem Wiederverwendungszentrum in der N\u00e4he von Hamar zu beginnen, aber gleichzeitig eine digitale Plattform einzurichten, die den Handel mit wiederverwendeten Waren ohne Zwischenlagerung erm\u00f6glicht. Das Wiederverwendungszentrum wird die professionellen Akteure unterst\u00fctzen: Bauunternehmer, Immobilienunternehmen und Bauherren. Das kurzfristige Ziel ist es, die Wiederverwendung zu maximieren, aber innerhalb von drei Jahren soll das Gesch\u00e4ft profitabel sein.  <\/p>\n<p class=\"\">Das Projekt wurde von Ingrid Staveland Reppe von Sirkula und Jon Inge Kj\u00f8rum von \u00d8G vorgestellt. Sie ermutigten die gesamte Branche, gemeinsam an der Einrichtung eines Wiederverwendungszentrums zu arbeiten, das ihrer Meinung nach entscheidend sein wird, um die k\u00fcnftigen Vorschriften und Anforderungen f\u00fcr die Wiederverwendung zu erf\u00fcllen.<\/p>\n<p class=\"\">Mehr \u00fcber das Wiederverwendungszentrum k\u00f6nnen Sie <a href=\"https:\/\/www.nwcluster.no\/nyheter\/ombrukssentral\">HIER<\/a> lesen<\/p>\n<p>[\/vc_column_text][\/vc_column][\/vc_row][vc_row row_height_percent=&#8220;0&#8243; overlay_alpha=&#8220;50&#8243; gutter_size=&#8220;3&#8243; column_width_use_pixel=&#8220;yes&#8220; shift_y=&#8220;0&#8243; z_index=&#8220;0&#8243; content_parallax=&#8220;0&#8243; uncode_shortcode_id=&#8220;166316&#8243; column_width_pixel=&#8220;900&#8243;][vc_column width=&#8220;1\/1&#8243;][vc_single_image media=&#8220;1092&#8243; caption=&#8220;yes&#8220; media_width_percent=&#8220;100&#8243; uncode_shortcode_id=&#8220;678849&#8243;][\/vc_column][\/vc_row][vc_row row_height_percent=&#8220;0&#8243; overlay_alpha=&#8220;50&#8243; gutter_size=&#8220;3&#8243; column_width_use_pixel=&#8220;yes&#8220; shift_y=&#8220;0&#8243; z_index=&#8220;0&#8243; content_parallax=&#8220;0&#8243; uncode_shortcode_id=&#8220;166316&#8243; column_width_pixel=&#8220;900&#8243;][vc_column width=&#8220;1\/1&#8243;][vc_column_text uncode_shortcode_id=&#8220;136471&#8243;]<\/p>\n<h4><strong>M\u00f6gliche lokale Ma\u00dfnahmen f\u00fcr mehr Wiederverwendung<\/strong><\/h4>\n<p class=\"\">Abgerundet wurde die Veranstaltung mit einem &#8222;World Cafe&#8220;, das von Christopher Mc Cormick von Klimavennlige bygg Innlandet geleitet wurde. Ziel war es, die anwesenden klugen K\u00f6pfe in die L\u00f6sung der zuk\u00fcnftigen Herausforderungen der Wiederverwendung einzubeziehen. Hier sehen Sie einige der Beitr\u00e4ge: <\/p>\n<p class=\"\">Erfahrungsaustausch und Pilotprojekte:<\/p>\n<p class=\"\">&#8211; Organisieren Sie ein Erfahrungstreffen mit Wiederverwendungsprojekten aus Binnennorwegen<\/p>\n<p class=\"\">&#8211; Initiieren Sie ein oder mehrere Pilotprojekte mit Dokumentation des Klimanutzens und der Erfahrungen<\/p>\n<p class=\"\">Zusammenarbeit mit Baustellen und Lieferanten:<\/p>\n<p class=\"\">&#8211; Testen Sie eine lokale L\u00f6sung f\u00fcr die Materialbuchhaltung auf Baustellen<\/p>\n<p class=\"\">&#8211; Treffen Sie eine Vereinbarung mit lokalen Verpackungsherstellern \u00fcber ein Rundversuchsprogramm<\/p>\n<p class=\"\">Unterst\u00fctzung der Wertsch\u00f6pfungskette und Werkzeuge:<\/p>\n<p class=\"\">&#8211; Beeinflussen Sie Bauherren, damit sie bei Beschaffungen Wiederverwendungsanforderungen einf\u00fchren<\/p>\n<p class=\"\">&#8211; Entwicklung eines lokalen LCA-Moduls, das die Wiederverwendung einschlie\u00dft, in Zusammenarbeit mit der Bildungsgemeinschaft<\/p>\n<p class=\"\">Verantwortung und Interaktion:<\/p>\n<p class=\"\">&#8211; Versammeln Sie die Interessenvertreter zu einem gemeinsamen Treffen, um die Rollen bei Wiederverwendungsprojekten zu kl\u00e4ren.<\/p>\n<p class=\"\">&#8211; Erstellen Sie eine Checkliste\/Vorlage f\u00fcr Rollen und Verantwortlichkeiten in den einzelnen Projektphasen<\/p>\n<p class=\"\">Kommunikation und Verhaltens\u00e4nderung:<\/p>\n<p class=\"\">&#8211; Entwickeln Sie eine visuelle Kampagne: &#8222;Wiederverwendung ist Qualit\u00e4t&#8220;<\/p>\n<p class=\"\">&#8211; Beziehen Sie Sch\u00fcler und Studenten in die Entwicklung neuer Ausdr\u00fccke und L\u00f6sungen ein, die auf Wiederverwendung basieren<\/p>\n<p class=\"\">Logistik und Infrastruktur:<\/p>\n<p class=\"\">&#8211; Test der physischen Zwischenlagerung in der Region Hamar einrichten<\/p>\n<p class=\"\">&#8211; Vorprojekt f\u00fcr digitale Logistikplattform (Verf\u00fcgbarkeit und Zeitplan der Materialien)<\/p>\n<p class=\"\">Das Wiederverwendungszentrum in Innlandet:<\/p>\n<p class=\"\">&#8211; Arbeitsgruppe mit \u00f6ffentlichen und privaten Akteuren<\/p>\n<p class=\"\">&#8211; Vorstudie mit Kartierung von Standort, Akteuren, Betrieb und Finanzierung<\/p>\n<p><strong>Das n\u00e4chste Fachgespr\u00e4ch f\u00fcr die <em>Bauindustrie der Zukunft in Binnennorwegen<\/em> findet am Donnerstag, den 30. Oktober in Hamar statt. <\/strong><\/p>\n<p class=\"\">Die Informationen werden in Newslettern und auf der Website www.klimavennligebygg.no ver\u00f6ffentlicht.<\/p>\n<p>[\/vc_column_text][\/vc_column][\/vc_row][vc_row row_height_percent=&#8220;0&#8243; overlay_alpha=&#8220;50&#8243; gutter_size=&#8220;3&#8243; column_width_use_pixel=&#8220;yes&#8220; shift_y=&#8220;0&#8243; z_index=&#8220;0&#8243; content_parallax=&#8220;0&#8243; uncode_shortcode_id=&#8220;166316&#8243; column_width_pixel=&#8220;900&#8243;][vc_column width=&#8220;1\/1&#8243;][vc_single_image media=&#8220;1098&#8243; caption=&#8220;yes&#8220; media_width_percent=&#8220;100&#8243; uncode_shortcode_id=&#8220;791691&#8243;][\/vc_column][\/vc_row]<\/p>\n<\/div>","protected":false},"excerpt":{"rendered":"<p>Wie erreichen wir die Wiederverwendung in der Praxis bei Bauprojekten, und wie wirkt sich dies auf die Klimabilanz und die Wirtschaft aus? Dies war der Hintergrund, als das Projekt Klimafreundliche Geb\u00e4ude Inland die Bauindustrie im Inland am 2. April 2025 zu einem Fachgespr\u00e4ch einlud.  <\/p>\n","protected":false},"author":4,"featured_media":1097,"comment_status":"open","ping_status":"open","sticky":false,"template":"","format":"standard","meta":{"_acf_changed":false,"footnotes":""},"categories":[23],"tags":[],"class_list":["post-1030","post","type-post","status-publish","format-standard","has-post-thumbnail","hentry","category-was-ist-neu"],"acf":[],"yoast_head":"<!-- This site is optimized with the Yoast SEO plugin v26.3 - https:\/\/yoast.com\/wordpress\/plugins\/seo\/ -->\n<title>Lokales Engagement f\u00fcr die Wiederverwendung in der Bauindustrie - Norwegian Wood Cluster<\/title>\n<meta name=\"robots\" content=\"index, follow, max-snippet:-1, max-image-preview:large, max-video-preview:-1\" \/>\n<link rel=\"canonical\" href=\"https:\/\/nwcluster.no\/de\/erstes-wiederverwendungszentrum-fur-baumaterialien-in-binnennorwegen-6\/\" \/>\n<meta property=\"og:locale\" content=\"de_DE\" \/>\n<meta property=\"og:type\" content=\"article\" \/>\n<meta property=\"og:title\" content=\"Lokales Engagement f\u00fcr die Wiederverwendung in der Bauindustrie - Norwegian Wood Cluster\" \/>\n<meta property=\"og:description\" content=\"Wie erreichen wir die Wiederverwendung in der Praxis bei Bauprojekten, und wie wirkt sich dies auf die Klimabilanz und die Wirtschaft aus? Dies war der Hintergrund, als das Projekt Klimafreundliche Geb\u00e4ude Inland die Bauindustrie im Inland am 2. April 2025 zu einem Fachgespr\u00e4ch einlud.\" \/>\n<meta property=\"og:url\" content=\"https:\/\/nwcluster.no\/de\/erstes-wiederverwendungszentrum-fur-baumaterialien-in-binnennorwegen-6\/\" \/>\n<meta property=\"og:site_name\" content=\"Norwegian Wood Cluster\" \/>\n<meta property=\"article:published_time\" content=\"2025-04-15T08:23:28+00:00\" \/>\n<meta property=\"article:modified_time\" content=\"2025-08-13T12:44:04+00:00\" \/>\n<meta property=\"og:image\" content=\"https:\/\/nwcluster.no\/wp-content\/uploads\/2025\/08\/Forsamlingen-MBN-scaled.jpg\" \/>\n\t<meta property=\"og:image:width\" content=\"2560\" \/>\n\t<meta property=\"og:image:height\" content=\"1612\" \/>\n\t<meta property=\"og:image:type\" content=\"image\/jpeg\" \/>\n<meta name=\"author\" content=\"Mari Blokhus Nordtun\" \/>\n<meta name=\"twitter:card\" content=\"summary_large_image\" \/>\n<meta name=\"twitter:label1\" content=\"Written by\" \/>\n\t<meta name=\"twitter:data1\" content=\"Mari Blokhus Nordtun\" \/>\n\t<meta name=\"twitter:label2\" content=\"Est. reading time\" \/>\n\t<meta name=\"twitter:data2\" content=\"8 Minuten\" \/>\n<script type=\"application\/ld+json\" class=\"yoast-schema-graph\">{\"@context\":\"https:\/\/schema.org\",\"@graph\":[{\"@type\":\"WebPage\",\"@id\":\"https:\/\/nwcluster.no\/de\/erstes-wiederverwendungszentrum-fur-baumaterialien-in-binnennorwegen-6\/\",\"url\":\"https:\/\/nwcluster.no\/de\/erstes-wiederverwendungszentrum-fur-baumaterialien-in-binnennorwegen-6\/\",\"name\":\"Lokales Engagement f\u00fcr die Wiederverwendung in der Bauindustrie - Norwegian Wood Cluster\",\"isPartOf\":{\"@id\":\"https:\/\/nwcluster.no\/de\/#website\"},\"primaryImageOfPage\":{\"@id\":\"https:\/\/nwcluster.no\/de\/erstes-wiederverwendungszentrum-fur-baumaterialien-in-binnennorwegen-6\/#primaryimage\"},\"image\":{\"@id\":\"https:\/\/nwcluster.no\/de\/erstes-wiederverwendungszentrum-fur-baumaterialien-in-binnennorwegen-6\/#primaryimage\"},\"thumbnailUrl\":\"https:\/\/nwcluster.no\/wp-content\/uploads\/2025\/08\/Forsamlingen-MBN-scaled.jpg\",\"datePublished\":\"2025-04-15T08:23:28+00:00\",\"dateModified\":\"2025-08-13T12:44:04+00:00\",\"author\":{\"@id\":\"https:\/\/nwcluster.no\/de\/#\/schema\/person\/5cface82763c66df62d78fc06578870e\"},\"breadcrumb\":{\"@id\":\"https:\/\/nwcluster.no\/de\/erstes-wiederverwendungszentrum-fur-baumaterialien-in-binnennorwegen-6\/#breadcrumb\"},\"inLanguage\":\"de\",\"potentialAction\":[{\"@type\":\"ReadAction\",\"target\":[\"https:\/\/nwcluster.no\/de\/erstes-wiederverwendungszentrum-fur-baumaterialien-in-binnennorwegen-6\/\"]}]},{\"@type\":\"ImageObject\",\"inLanguage\":\"de\",\"@id\":\"https:\/\/nwcluster.no\/de\/erstes-wiederverwendungszentrum-fur-baumaterialien-in-binnennorwegen-6\/#primaryimage\",\"url\":\"https:\/\/nwcluster.no\/wp-content\/uploads\/2025\/08\/Forsamlingen-MBN-scaled.jpg\",\"contentUrl\":\"https:\/\/nwcluster.no\/wp-content\/uploads\/2025\/08\/Forsamlingen-MBN-scaled.jpg\",\"width\":2560,\"height\":1612,\"caption\":\"60 personer fra byggebransjen i Innlandet var samlet p\u00e5 Hamar for \u00e5 l\u00e6re og dele om ombruk 2. april. Foto Mari Blokhus Nordtun\"},{\"@type\":\"BreadcrumbList\",\"@id\":\"https:\/\/nwcluster.no\/de\/erstes-wiederverwendungszentrum-fur-baumaterialien-in-binnennorwegen-6\/#breadcrumb\",\"itemListElement\":[{\"@type\":\"ListItem\",\"position\":1,\"name\":\"Home\",\"item\":\"https:\/\/nwcluster.no\/de\/\"},{\"@type\":\"ListItem\",\"position\":2,\"name\":\"Lokales Engagement f\u00fcr die Wiederverwendung in der Bauindustrie\"}]},{\"@type\":\"WebSite\",\"@id\":\"https:\/\/nwcluster.no\/de\/#website\",\"url\":\"https:\/\/nwcluster.no\/de\/\",\"name\":\"Norwegian Wood Cluster\",\"description\":\"Vi gir verden innovative ogb\u00e6rekraftige byggel\u00f8sninger i tre\",\"potentialAction\":[{\"@type\":\"SearchAction\",\"target\":{\"@type\":\"EntryPoint\",\"urlTemplate\":\"https:\/\/nwcluster.no\/de\/?s={search_term_string}\"},\"query-input\":{\"@type\":\"PropertyValueSpecification\",\"valueRequired\":true,\"valueName\":\"search_term_string\"}}],\"inLanguage\":\"de\"},{\"@type\":\"Person\",\"@id\":\"https:\/\/nwcluster.no\/de\/#\/schema\/person\/5cface82763c66df62d78fc06578870e\",\"name\":\"Mari Blokhus Nordtun\",\"url\":\"https:\/\/nwcluster.no\/de\/author\/adminmari\/\"}]}<\/script>\n<!-- \/ Yoast SEO plugin. -->","yoast_head_json":{"title":"Lokales Engagement f\u00fcr die Wiederverwendung in der Bauindustrie - Norwegian Wood Cluster","robots":{"index":"index","follow":"follow","max-snippet":"max-snippet:-1","max-image-preview":"max-image-preview:large","max-video-preview":"max-video-preview:-1"},"canonical":"https:\/\/nwcluster.no\/de\/erstes-wiederverwendungszentrum-fur-baumaterialien-in-binnennorwegen-6\/","og_locale":"de_DE","og_type":"article","og_title":"Lokales Engagement f\u00fcr die Wiederverwendung in der Bauindustrie - Norwegian Wood Cluster","og_description":"Wie erreichen wir die Wiederverwendung in der Praxis bei Bauprojekten, und wie wirkt sich dies auf die Klimabilanz und die Wirtschaft aus? Dies war der Hintergrund, als das Projekt Klimafreundliche Geb\u00e4ude Inland die Bauindustrie im Inland am 2. April 2025 zu einem Fachgespr\u00e4ch einlud.","og_url":"https:\/\/nwcluster.no\/de\/erstes-wiederverwendungszentrum-fur-baumaterialien-in-binnennorwegen-6\/","og_site_name":"Norwegian Wood Cluster","article_published_time":"2025-04-15T08:23:28+00:00","article_modified_time":"2025-08-13T12:44:04+00:00","og_image":[{"width":2560,"height":1612,"url":"https:\/\/nwcluster.no\/wp-content\/uploads\/2025\/08\/Forsamlingen-MBN-scaled.jpg","type":"image\/jpeg"}],"author":"Mari Blokhus Nordtun","twitter_card":"summary_large_image","twitter_misc":{"Written by":"Mari Blokhus Nordtun","Est. reading time":"8 Minuten"},"schema":{"@context":"https:\/\/schema.org","@graph":[{"@type":"WebPage","@id":"https:\/\/nwcluster.no\/de\/erstes-wiederverwendungszentrum-fur-baumaterialien-in-binnennorwegen-6\/","url":"https:\/\/nwcluster.no\/de\/erstes-wiederverwendungszentrum-fur-baumaterialien-in-binnennorwegen-6\/","name":"Lokales Engagement f\u00fcr die Wiederverwendung in der Bauindustrie - Norwegian Wood Cluster","isPartOf":{"@id":"https:\/\/nwcluster.no\/de\/#website"},"primaryImageOfPage":{"@id":"https:\/\/nwcluster.no\/de\/erstes-wiederverwendungszentrum-fur-baumaterialien-in-binnennorwegen-6\/#primaryimage"},"image":{"@id":"https:\/\/nwcluster.no\/de\/erstes-wiederverwendungszentrum-fur-baumaterialien-in-binnennorwegen-6\/#primaryimage"},"thumbnailUrl":"https:\/\/nwcluster.no\/wp-content\/uploads\/2025\/08\/Forsamlingen-MBN-scaled.jpg","datePublished":"2025-04-15T08:23:28+00:00","dateModified":"2025-08-13T12:44:04+00:00","author":{"@id":"https:\/\/nwcluster.no\/de\/#\/schema\/person\/5cface82763c66df62d78fc06578870e"},"breadcrumb":{"@id":"https:\/\/nwcluster.no\/de\/erstes-wiederverwendungszentrum-fur-baumaterialien-in-binnennorwegen-6\/#breadcrumb"},"inLanguage":"de","potentialAction":[{"@type":"ReadAction","target":["https:\/\/nwcluster.no\/de\/erstes-wiederverwendungszentrum-fur-baumaterialien-in-binnennorwegen-6\/"]}]},{"@type":"ImageObject","inLanguage":"de","@id":"https:\/\/nwcluster.no\/de\/erstes-wiederverwendungszentrum-fur-baumaterialien-in-binnennorwegen-6\/#primaryimage","url":"https:\/\/nwcluster.no\/wp-content\/uploads\/2025\/08\/Forsamlingen-MBN-scaled.jpg","contentUrl":"https:\/\/nwcluster.no\/wp-content\/uploads\/2025\/08\/Forsamlingen-MBN-scaled.jpg","width":2560,"height":1612,"caption":"60 personer fra byggebransjen i Innlandet var samlet p\u00e5 Hamar for \u00e5 l\u00e6re og dele om ombruk 2. april. Foto Mari Blokhus Nordtun"},{"@type":"BreadcrumbList","@id":"https:\/\/nwcluster.no\/de\/erstes-wiederverwendungszentrum-fur-baumaterialien-in-binnennorwegen-6\/#breadcrumb","itemListElement":[{"@type":"ListItem","position":1,"name":"Home","item":"https:\/\/nwcluster.no\/de\/"},{"@type":"ListItem","position":2,"name":"Lokales Engagement f\u00fcr die Wiederverwendung in der Bauindustrie"}]},{"@type":"WebSite","@id":"https:\/\/nwcluster.no\/de\/#website","url":"https:\/\/nwcluster.no\/de\/","name":"Norwegian Wood Cluster","description":"Vi gir verden innovative ogb\u00e6rekraftige byggel\u00f8sninger i tre","potentialAction":[{"@type":"SearchAction","target":{"@type":"EntryPoint","urlTemplate":"https:\/\/nwcluster.no\/de\/?s={search_term_string}"},"query-input":{"@type":"PropertyValueSpecification","valueRequired":true,"valueName":"search_term_string"}}],"inLanguage":"de"},{"@type":"Person","@id":"https:\/\/nwcluster.no\/de\/#\/schema\/person\/5cface82763c66df62d78fc06578870e","name":"Mari Blokhus Nordtun","url":"https:\/\/nwcluster.no\/de\/author\/adminmari\/"}]}},"_links":{"self":[{"href":"https:\/\/nwcluster.no\/de\/wp-json\/wp\/v2\/posts\/1030","targetHints":{"allow":["GET"]}}],"collection":[{"href":"https:\/\/nwcluster.no\/de\/wp-json\/wp\/v2\/posts"}],"about":[{"href":"https:\/\/nwcluster.no\/de\/wp-json\/wp\/v2\/types\/post"}],"author":[{"embeddable":true,"href":"https:\/\/nwcluster.no\/de\/wp-json\/wp\/v2\/users\/4"}],"replies":[{"embeddable":true,"href":"https:\/\/nwcluster.no\/de\/wp-json\/wp\/v2\/comments?post=1030"}],"version-history":[{"count":0,"href":"https:\/\/nwcluster.no\/de\/wp-json\/wp\/v2\/posts\/1030\/revisions"}],"wp:featuredmedia":[{"embeddable":true,"href":"https:\/\/nwcluster.no\/de\/wp-json\/wp\/v2\/media\/1097"}],"wp:attachment":[{"href":"https:\/\/nwcluster.no\/de\/wp-json\/wp\/v2\/media?parent=1030"}],"wp:term":[{"taxonomy":"category","embeddable":true,"href":"https:\/\/nwcluster.no\/de\/wp-json\/wp\/v2\/categories?post=1030"},{"taxonomy":"post_tag","embeddable":true,"href":"https:\/\/nwcluster.no\/de\/wp-json\/wp\/v2\/tags?post=1030"}],"curies":[{"name":"wp","href":"https:\/\/api.w.org\/{rel}","templated":true}]}}